{"id":2354,"date":"2020-12-28T09:49:47","date_gmt":"2020-12-28T08:49:47","guid":{"rendered":"https:\/\/www.centredecreation.com\/2020-wrap-2021-news\/"},"modified":"2021-02-02T16:46:49","modified_gmt":"2021-02-02T15:46:49","slug":"2020-2021-actus","status":"publish","type":"post","link":"https:\/\/www.centredecreation.com\/fr\/2020-2021-actus\/","title":{"rendered":"Retour sur 2020 + Actus 2021"},"content":{"rendered":"<p>2020 a bien commenc\u00e9 au centre de cr\u00e9ation avec de nouveaux projets. Puis, en mars, la Covid est arriv\u00e9. Nous \u00e9tions au milieu de la formation de notre module annuel de ma\u00eetrise Guildhall avec 8 \u00e9tudiants et 4 interpr\u00e8tes sur place avec la directrice artistique Catrin Osborne. Je m&rsquo;installais dans ma formation de professeur de yoga dans le sud de la France. Puis tout s&rsquo;est arr\u00eat\u00e9.<\/p>\n<p>Les \u00e9tudiants ont \u00e9t\u00e9 rappel\u00e9s \u00e0 Londres et je suis rentr\u00e9e au centre. Malheureusement, le travail s\u2019est aussi tr\u00e8s vite arr\u00eat\u00e9 pour Anystage. \u00c0 ce moment-l\u00e0, Rachel Schiffer, une artiste am\u00e9ricaine qui \u00e9tait superviseur adjoint pour nous sur Guildhall, a d\u00e9cid\u00e9 de ne pas retourner aux \u00c9tats-Unis mais de se confiner ici pour une <a href=\"https:\/\/www.centredecreation.com\/fr\/residences\/\">r\u00e9sidence<\/a> prolong\u00e9e. Donc, pendant ce temps l\u00e0, nous nous sommes mis \u00e0 d\u00e9velopper un petit travail en r\u00e9f\u00e9rence \u00e0 Vivaldi et la noyeraie. Une courte vid\u00e9o a \u00e9t\u00e9 cr\u00e9\u00e9e par le vid\u00e9aste Iwan Essery. Nous avons fait \u00e9galement beaucoup de g\u00e2teaux maison! <br \/>\nApr\u00e8s le confinement nous avons eu Imogen Huzel et Milla Kurronen au d\u00e9but de la phase de cr\u00e9ation de leur concept. En fait, ils ne pensaient pas qu&rsquo;ils cr\u00e9eraient une \u0153uvre, mais apr\u00e8s une semaine, les 2 artistes tr\u00e8s inspires par l\u2019ancienne ferme ont ensuite cr\u00e9\u00e9 une petite pi\u00e8ce avec les deux chaises antiques et un miroir et ont fait une vid\u00e8o de leur travail.<br \/>\nAnthony Weiss a \u00e9lu domicile et a fait quelques recherches en vue d&rsquo;un grand projet de spectacle qui sera pr\u00e9sent\u00e9 en premi\u00e8re au festival d&rsquo;Avignon l&rsquo;ann\u00e9e prochaine. Enfin, Francesca Mari est arriv\u00e9e et a jongl\u00e9 sans rel\u00e2che et a cr\u00e9\u00e9 de belles oeuvres.<\/p>\n<p>Nous avons \u00e9galement pris ce temps pour cr\u00e9er un nouveau site Web et avons pens\u00e9 \u00e0 toutes sortes de projets nouveaux et passionnants pour 2021.<\/p>\n<p>Nous allons lancer nos nouvelles retraites que nous esp\u00e9rons plairont aux gens. Nous sommes heureux d&rsquo;accueillir la <a href=\"https:\/\/www.centredecreation.com\/fr\/retraites\/stokey-yoga-retraite\/\">retraite Stokey Yoga<\/a> dirig\u00e9e par Catrin Osborne et le retour de la <a href=\"https:\/\/www.centredecreation.com\/fr\/retraites\/solstice-ete\/\">retraite Summer Solstice<\/a> avec Lisa Hood. Nous organiserons \u00e9galement notre tout premier <a href=\"https:\/\/www.centredecreation.com\/fr\/dada\/\">\u00e9v\u00e9nement DADA<\/a> en juin (Dordogne, A\u00e9rien, Danse, Atelier) DADA \u00e9tait aussi un mouvement anti-art en 1915. Le mot signifie aussi \u201cCheval de loisir\u201d en fran\u00e7ais. Nous avons des professeurs formidables et il n&rsquo;y a que 25 places, alors venez passer du temps avec nous pendant le mois de juin, chaud et ensoleill\u00e9. Nous continuerons \u00e0 organiser nos cours annuels et nous proposerons des <a href=\"https:\/\/www.centredecreation.com\/fr\/cours\/yoga\/\">cours de yoga<\/a>. J&rsquo;ai finalement r\u00e9ussi \u00e0 obtenir ma certification Ashtanga et nous avons d\u00e9di\u00e9 notre petit studio \u00e0 un <a href=\"https:\/\/www.centredecreation.com\/fr\/notre-espace\/yoga-shala-dordogne\/\">Yoga Shala<\/a>. En ao\u00fbt 2021, notre <a href=\"https:\/\/www.centredecreation.com\/fr\/redfest\/\">REDFEST<\/a> bisannuel aura lieu. L\u2019 ann\u00e9e a \u00e9t\u00e9 tr\u00e8s difficile pour les artistes du monde entier, alors nous esp\u00e9rons que cet \u00e9v\u00e9nement aura lieu et que nous pourrons c\u00e9l\u00e9brer un excellent travail car nous devons soutenir la cr\u00e9ation pour aider l&rsquo;industrie \u00e0 se r\u00e9tablir. Alors venez nous soutenir et participez au festival.<\/p>\n<p>Ainsi, au fil des saisons, nous continuons \u00e0 faire de la soupe d&rsquo;orties, du gin de rose musqu\u00e9e, de la liqueur de noix (avec nos propres noix) retournons le potager en esp\u00e9rant qu&rsquo;il nourrira tous les artistes du redfest de l&rsquo;ann\u00e9e prochaine et nous continuons \u00e0 tailler les arbres et construisons feux de joie sans fin tout au long des mois d&rsquo;hiver. Nous n\u2019avons pas tout \u00e0 fait emprunt\u00e9 la voie du wwoofing mais nous sommes tent\u00e9s d\u2019obtenir de l\u2019aide en \u00e9change d\u2019une r\u00e9sidence.<\/p>\n<p>&nbsp;<\/p>\n","protected":false},"excerpt":{"rendered":"<p>2020 a bien commenc\u00e9 au centre de cr\u00e9ation avec de nouveaux projets. Puis, en mars, la Covid est arriv\u00e9. Nous \u00e9tions au milieu de la formation de notre module annuel [&hellip;]<\/p>\n","protected":false},"author":1,"featured_media":3247,"comment_status":"open","ping_status":"closed","sticky":false,"template":"","format":"standard","meta":{"_acf_changed":false,"footnotes":""},"categories":[20],"tags":[],"acf":[],"yoast_head":"<!-- This site is optimized with the Yoast SEO plugin v22.1 - https:\/\/yoast.com\/wordpress\/plugins\/seo\/ -->\n<title>Retour sur 2020 + Actus 2021 - centre de cr\u00e9ation<\/title>\n<meta name=\"robots\" content=\"index, follow, max-snippet:-1, max-image-preview:large, max-video-preview:-1\" \/>\n<link rel=\"canonical\" href=\"https:\/\/www.centredecreation.com\/fr\/2020-2021-actus\/\" \/>\n<meta property=\"og:locale\" content=\"fr_FR\" \/>\n<meta property=\"og:type\" content=\"article\" \/>\n<meta property=\"og:title\" content=\"Retour sur 2020 + Actus 2021 - centre de cr\u00e9ation\" \/>\n<meta property=\"og:description\" content=\"2020 a bien commenc\u00e9 au centre de cr\u00e9ation avec de nouveaux projets. Puis, en mars, la Covid est arriv\u00e9. Nous \u00e9tions au milieu de la formation de notre module annuel [&hellip;]\" \/>\n<meta property=\"og:url\" content=\"https:\/\/www.centredecreation.com\/fr\/2020-2021-actus\/\" \/>\n<meta property=\"og:site_name\" content=\"centre de cr\u00e9ation\" \/>\n<meta property=\"article:published_time\" content=\"2020-12-28T08:49:47+00:00\" \/>\n<meta property=\"article:modified_time\" content=\"2021-02-02T15:46:49+00:00\" \/>\n<meta name=\"author\" content=\"Elodie Berger\" \/>\n<meta name=\"twitter:card\" content=\"summary_large_image\" \/>\n<meta name=\"twitter:label1\" content=\"\u00c9crit par\" \/>\n\t<meta name=\"twitter:data1\" content=\"Elodie Berger\" \/>\n\t<meta name=\"twitter:label2\" content=\"Dur\u00e9e de lecture estim\u00e9e\" \/>\n\t<meta name=\"twitter:data2\" content=\"3 minutes\" \/>\n<script type=\"application\/ld+json\" class=\"yoast-schema-graph\">{\"@context\":\"https:\/\/schema.org\",\"@graph\":[{\"@type\":\"Article\",\"@id\":\"https:\/\/www.centredecreation.com\/fr\/2020-2021-actus\/#article\",\"isPartOf\":{\"@id\":\"https:\/\/www.centredecreation.com\/fr\/2020-2021-actus\/\"},\"author\":{\"name\":\"Elodie Berger\",\"@id\":\"https:\/\/www.centredecreation.com\/fr\/#\/schema\/person\/2e76e112f8b06633bc2016e9cbe30a5d\"},\"headline\":\"Retour sur 2020 + Actus 2021\",\"datePublished\":\"2020-12-28T08:49:47+00:00\",\"dateModified\":\"2021-02-02T15:46:49+00:00\",\"mainEntityOfPage\":{\"@id\":\"https:\/\/www.centredecreation.com\/fr\/2020-2021-actus\/\"},\"wordCount\":605,\"commentCount\":0,\"publisher\":{\"@id\":\"https:\/\/www.centredecreation.com\/fr\/#organization\"},\"articleSection\":[\"actualit\u00e9s cr\u00e9atives\"],\"inLanguage\":\"fr-FR\",\"potentialAction\":[{\"@type\":\"CommentAction\",\"name\":\"Comment\",\"target\":[\"https:\/\/www.centredecreation.com\/fr\/2020-2021-actus\/#respond\"]}]},{\"@type\":\"WebPage\",\"@id\":\"https:\/\/www.centredecreation.com\/fr\/2020-2021-actus\/\",\"url\":\"https:\/\/www.centredecreation.com\/fr\/2020-2021-actus\/\",\"name\":\"Retour sur 2020 + Actus 2021 - centre de cr\u00e9ation\",\"isPartOf\":{\"@id\":\"https:\/\/www.centredecreation.com\/fr\/#website\"},\"datePublished\":\"2020-12-28T08:49:47+00:00\",\"dateModified\":\"2021-02-02T15:46:49+00:00\",\"breadcrumb\":{\"@id\":\"https:\/\/www.centredecreation.com\/fr\/2020-2021-actus\/#breadcrumb\"},\"inLanguage\":\"fr-FR\",\"potentialAction\":[{\"@type\":\"ReadAction\",\"target\":[\"https:\/\/www.centredecreation.com\/fr\/2020-2021-actus\/\"]}]},{\"@type\":\"BreadcrumbList\",\"@id\":\"https:\/\/www.centredecreation.com\/fr\/2020-2021-actus\/#breadcrumb\",\"itemListElement\":[{\"@type\":\"ListItem\",\"position\":1,\"name\":\"home\",\"item\":\"https:\/\/www.centredecreation.com\/fr\/\"},{\"@type\":\"ListItem\",\"position\":2,\"name\":\"Blog\",\"item\":\"https:\/\/www.centredecreation.com\/fr\/category\/blog\/\"},{\"@type\":\"ListItem\",\"position\":3,\"name\":\"actualit\u00e9s cr\u00e9atives\",\"item\":\"https:\/\/www.centredecreation.com\/fr\/category\/blog\/actualites-creatives\/\"},{\"@type\":\"ListItem\",\"position\":4,\"name\":\"Retour sur 2020 + Actus 2021\"}]},{\"@type\":\"WebSite\",\"@id\":\"https:\/\/www.centredecreation.com\/fr\/#website\",\"url\":\"https:\/\/www.centredecreation.com\/fr\/\",\"name\":\"centre de cr\u00e9ation\",\"description\":\"An extraordinary place to create in Dordogne\",\"publisher\":{\"@id\":\"https:\/\/www.centredecreation.com\/fr\/#organization\"},\"potentialAction\":[{\"@type\":\"SearchAction\",\"target\":{\"@type\":\"EntryPoint\",\"urlTemplate\":\"https:\/\/www.centredecreation.com\/fr\/?s={search_term_string}\"},\"query-input\":\"required name=search_term_string\"}],\"inLanguage\":\"fr-FR\"},{\"@type\":\"Organization\",\"@id\":\"https:\/\/www.centredecreation.com\/fr\/#organization\",\"name\":\"Centre de creation\",\"url\":\"https:\/\/www.centredecreation.com\/fr\/\",\"logo\":{\"@type\":\"ImageObject\",\"inLanguage\":\"fr-FR\",\"@id\":\"https:\/\/www.centredecreation.com\/fr\/#\/schema\/logo\/image\/\",\"url\":\"https:\/\/www.centredecreation.com\/wp-content\/uploads\/2020\/11\/centre-de-creation-logo.jpg\",\"contentUrl\":\"https:\/\/www.centredecreation.com\/wp-content\/uploads\/2020\/11\/centre-de-creation-logo.jpg\",\"width\":549,\"height\":111,\"caption\":\"Centre de creation\"},\"image\":{\"@id\":\"https:\/\/www.centredecreation.com\/fr\/#\/schema\/logo\/image\/\"}},{\"@type\":\"Person\",\"@id\":\"https:\/\/www.centredecreation.com\/fr\/#\/schema\/person\/2e76e112f8b06633bc2016e9cbe30a5d\",\"name\":\"Elodie Berger\"}]}<\/script>\n<!-- \/ Yoast SEO plugin. -->","yoast_head_json":{"title":"Retour sur 2020 + Actus 2021 - centre de cr\u00e9ation","robots":{"index":"index","follow":"follow","max-snippet":"max-snippet:-1","max-image-preview":"max-image-preview:large","max-video-preview":"max-video-preview:-1"},"canonical":"https:\/\/www.centredecreation.com\/fr\/2020-2021-actus\/","og_locale":"fr_FR","og_type":"article","og_title":"Retour sur 2020 + Actus 2021 - centre de cr\u00e9ation","og_description":"2020 a bien commenc\u00e9 au centre de cr\u00e9ation avec de nouveaux projets. Puis, en mars, la Covid est arriv\u00e9. Nous \u00e9tions au milieu de la formation de notre module annuel [&hellip;]","og_url":"https:\/\/www.centredecreation.com\/fr\/2020-2021-actus\/","og_site_name":"centre de cr\u00e9ation","article_published_time":"2020-12-28T08:49:47+00:00","article_modified_time":"2021-02-02T15:46:49+00:00","author":"Elodie Berger","twitter_card":"summary_large_image","twitter_misc":{"\u00c9crit par":"Elodie Berger","Dur\u00e9e de lecture estim\u00e9e":"3 minutes"},"schema":{"@context":"https:\/\/schema.org","@graph":[{"@type":"Article","@id":"https:\/\/www.centredecreation.com\/fr\/2020-2021-actus\/#article","isPartOf":{"@id":"https:\/\/www.centredecreation.com\/fr\/2020-2021-actus\/"},"author":{"name":"Elodie Berger","@id":"https:\/\/www.centredecreation.com\/fr\/#\/schema\/person\/2e76e112f8b06633bc2016e9cbe30a5d"},"headline":"Retour sur 2020 + Actus 2021","datePublished":"2020-12-28T08:49:47+00:00","dateModified":"2021-02-02T15:46:49+00:00","mainEntityOfPage":{"@id":"https:\/\/www.centredecreation.com\/fr\/2020-2021-actus\/"},"wordCount":605,"commentCount":0,"publisher":{"@id":"https:\/\/www.centredecreation.com\/fr\/#organization"},"articleSection":["actualit\u00e9s cr\u00e9atives"],"inLanguage":"fr-FR","potentialAction":[{"@type":"CommentAction","name":"Comment","target":["https:\/\/www.centredecreation.com\/fr\/2020-2021-actus\/#respond"]}]},{"@type":"WebPage","@id":"https:\/\/www.centredecreation.com\/fr\/2020-2021-actus\/","url":"https:\/\/www.centredecreation.com\/fr\/2020-2021-actus\/","name":"Retour sur 2020 + Actus 2021 - centre de cr\u00e9ation","isPartOf":{"@id":"https:\/\/www.centredecreation.com\/fr\/#website"},"datePublished":"2020-12-28T08:49:47+00:00","dateModified":"2021-02-02T15:46:49+00:00","breadcrumb":{"@id":"https:\/\/www.centredecreation.com\/fr\/2020-2021-actus\/#breadcrumb"},"inLanguage":"fr-FR","potentialAction":[{"@type":"ReadAction","target":["https:\/\/www.centredecreation.com\/fr\/2020-2021-actus\/"]}]},{"@type":"BreadcrumbList","@id":"https:\/\/www.centredecreation.com\/fr\/2020-2021-actus\/#breadcrumb","itemListElement":[{"@type":"ListItem","position":1,"name":"home","item":"https:\/\/www.centredecreation.com\/fr\/"},{"@type":"ListItem","position":2,"name":"Blog","item":"https:\/\/www.centredecreation.com\/fr\/category\/blog\/"},{"@type":"ListItem","position":3,"name":"actualit\u00e9s cr\u00e9atives","item":"https:\/\/www.centredecreation.com\/fr\/category\/blog\/actualites-creatives\/"},{"@type":"ListItem","position":4,"name":"Retour sur 2020 + Actus 2021"}]},{"@type":"WebSite","@id":"https:\/\/www.centredecreation.com\/fr\/#website","url":"https:\/\/www.centredecreation.com\/fr\/","name":"centre de cr\u00e9ation","description":"An extraordinary place to create in Dordogne","publisher":{"@id":"https:\/\/www.centredecreation.com\/fr\/#organization"},"potentialAction":[{"@type":"SearchAction","target":{"@type":"EntryPoint","urlTemplate":"https:\/\/www.centredecreation.com\/fr\/?s={search_term_string}"},"query-input":"required name=search_term_string"}],"inLanguage":"fr-FR"},{"@type":"Organization","@id":"https:\/\/www.centredecreation.com\/fr\/#organization","name":"Centre de creation","url":"https:\/\/www.centredecreation.com\/fr\/","logo":{"@type":"ImageObject","inLanguage":"fr-FR","@id":"https:\/\/www.centredecreation.com\/fr\/#\/schema\/logo\/image\/","url":"https:\/\/www.centredecreation.com\/wp-content\/uploads\/2020\/11\/centre-de-creation-logo.jpg","contentUrl":"https:\/\/www.centredecreation.com\/wp-content\/uploads\/2020\/11\/centre-de-creation-logo.jpg","width":549,"height":111,"caption":"Centre de creation"},"image":{"@id":"https:\/\/www.centredecreation.com\/fr\/#\/schema\/logo\/image\/"}},{"@type":"Person","@id":"https:\/\/www.centredecreation.com\/fr\/#\/schema\/person\/2e76e112f8b06633bc2016e9cbe30a5d","name":"Elodie Berger"}]}},"_links":{"self":[{"href":"https:\/\/www.centredecreation.com\/fr\/wp-json\/wp\/v2\/posts\/2354"}],"collection":[{"href":"https:\/\/www.centredecreation.com\/fr\/wp-json\/wp\/v2\/posts"}],"about":[{"href":"https:\/\/www.centredecreation.com\/fr\/wp-json\/wp\/v2\/types\/post"}],"author":[{"embeddable":true,"href":"https:\/\/www.centredecreation.com\/fr\/wp-json\/wp\/v2\/users\/1"}],"replies":[{"embeddable":true,"href":"https:\/\/www.centredecreation.com\/fr\/wp-json\/wp\/v2\/comments?post=2354"}],"version-history":[{"count":0,"href":"https:\/\/www.centredecreation.com\/fr\/wp-json\/wp\/v2\/posts\/2354\/revisions"}],"wp:featuredmedia":[{"embeddable":true,"href":"https:\/\/www.centredecreation.com\/fr\/wp-json\/wp\/v2\/media\/3247"}],"wp:attachment":[{"href":"https:\/\/www.centredecreation.com\/fr\/wp-json\/wp\/v2\/media?parent=2354"}],"wp:term":[{"taxonomy":"category","embeddable":true,"href":"https:\/\/www.centredecreation.com\/fr\/wp-json\/wp\/v2\/categories?post=2354"},{"taxonomy":"post_tag","embeddable":true,"href":"https:\/\/www.centredecreation.com\/fr\/wp-json\/wp\/v2\/tags?post=2354"}],"curies":[{"name":"wp","href":"https:\/\/api.w.org\/{rel}","templated":true}]}}